{"id":3671,"date":"2021-09-22T11:34:46","date_gmt":"2021-09-22T11:34:46","guid":{"rendered":"https:\/\/tazaspublicidad.es\/blog\/?p=3671"},"modified":"2023-02-09T11:33:57","modified_gmt":"2023-02-09T11:33:57","slug":"botellas-termicas-lidl","status":"publish","type":"post","link":"https:\/\/tazaspublicidad.es\/blog\/botellas-termicas-lidl\/","title":{"rendered":"Las botellas t\u00e9rmicas de LIDL y por qu\u00e9 son  indispensables en verano"},"content":{"rendered":"\n<figure class=\"wp-block-image size-large is-resized\"><img decoding=\"async\" src=\"https:\/\/tazaspublicidad.es\/blog\/wp-content\/uploads\/2021\/09\/Local-LIDL-exterior-1024x640.jpg\" alt=\"Local LIDL exterior\" class=\"wp-image-3700\" width=\"1024\" height=\"640\" srcset=\"https:\/\/tazaspublicidad.es\/blog\/wp-content\/uploads\/2021\/09\/Local-LIDL-exterior-1024x640.jpg 1024w, https:\/\/tazaspublicidad.es\/blog\/wp-content\/uploads\/2021\/09\/Local-LIDL-exterior-300x188.jpg 300w, https:\/\/tazaspublicidad.es\/blog\/wp-content\/uploads\/2021\/09\/Local-LIDL-exterior-768x480.jpg 768w, https:\/\/tazaspublicidad.es\/blog\/wp-content\/uploads\/2021\/09\/Local-LIDL-exterior-700x438.jpg 700w, https:\/\/tazaspublicidad.es\/blog\/wp-content\/uploads\/2021\/09\/Local-LIDL-exterior-220x138.jpg 220w, https:\/\/tazaspublicidad.es\/blog\/wp-content\/uploads\/2021\/09\/Local-LIDL-exterior-140x88.jpg 140w, https:\/\/tazaspublicidad.es\/blog\/wp-content\/uploads\/2021\/09\/Local-LIDL-exterior-940x588.jpg 940w, https:\/\/tazaspublicidad.es\/blog\/wp-content\/uploads\/2021\/09\/Local-LIDL-exterior.jpg 1080w\" sizes=\"(max-width: 1024px) 100vw, 1024px\" \/><\/figure>\n\n\n\n<p>Las madres y padres lo han tenido claro este verano: la mejor alternativa para que sus hijos tuvieran una bebida fresca a mano eran las botellas t\u00e9rmicas de <a href=\"https:\/\/www.lidl.es\/\" target=\"_blank\" rel=\"noreferrer noopener\">LIDL<\/a>. Estos supermercados se caracterizan por hacer una oferta de productos muy completa y diferenciada. Muchas veces, estos elementos llevan la propia marca de la cadena \u2014no se pueden comprar en otros sitios\u2014, por lo que son un potente refuerzo de la imagen de marca.<\/p>\n\n\n\n<p><strong>El caso de estas botellas t\u00e9rmicas tampoco es casual o una gran novedad de LIDL<\/strong>. La marca suele poner en el mercado productos que van acordes con la \u00e9poca del a\u00f1o. La palabra t\u00e9rmica puede hacer que m\u00e1s de uno se despiste, \u00bfun termo en verano? Pero recuerda que este tipo de envases no solo conserva el calor en la bebida, por lo que tambi\u00e9n el agua o el refresco que queramos aguantar\u00e1 bien fresquito en los meses de calor.<\/p>\n\n\n\n<p>Entrando en detalle, estas botellas t\u00e9rmicas de Lidl que han tenido tanto \u00e9xito tienen una capacidad de medio litro.  Los padres y madres han visto en ella una excelente <strong>oportunidad de tener siempre a mano agua fresca<\/strong> para sus hijos en medio de las altas temperaturas que hemos tenido este verano.<\/p>\n\n\n\n<figure class=\"wp-block-image size-full is-resized\"><img decoding=\"async\" src=\"https:\/\/tazaspublicidad.es\/blog\/wp-content\/uploads\/2021\/09\/botella-termica-lidl-4-99-1000x665-1.jpg\" alt=\"botellas t\u00e9rmicas LIDL\" class=\"wp-image-3697\" width=\"1000\" height=\"665\" srcset=\"https:\/\/tazaspublicidad.es\/blog\/wp-content\/uploads\/2021\/09\/botella-termica-lidl-4-99-1000x665-1.jpg 1000w, https:\/\/tazaspublicidad.es\/blog\/wp-content\/uploads\/2021\/09\/botella-termica-lidl-4-99-1000x665-1-300x200.jpg 300w, https:\/\/tazaspublicidad.es\/blog\/wp-content\/uploads\/2021\/09\/botella-termica-lidl-4-99-1000x665-1-768x511.jpg 768w, https:\/\/tazaspublicidad.es\/blog\/wp-content\/uploads\/2021\/09\/botella-termica-lidl-4-99-1000x665-1-700x466.jpg 700w, https:\/\/tazaspublicidad.es\/blog\/wp-content\/uploads\/2021\/09\/botella-termica-lidl-4-99-1000x665-1-220x146.jpg 220w, https:\/\/tazaspublicidad.es\/blog\/wp-content\/uploads\/2021\/09\/botella-termica-lidl-4-99-1000x665-1-140x93.jpg 140w, https:\/\/tazaspublicidad.es\/blog\/wp-content\/uploads\/2021\/09\/botella-termica-lidl-4-99-1000x665-1-940x625.jpg 940w\" sizes=\"(max-width: 1000px) 100vw, 1000px\" \/><\/figure>\n\n\n\n<p>Por esta practicidad y su dise\u00f1o atractivo, las botellas de LIDL se agotaron. A este \u00e9xito tambi\u00e9n ha contribuido el precio (un factor que siempre ayuda): 4,99 euros. Con todo esto a su favor, no faltan las voces que piden que vuelvan a la venta. Al fin y al cabo, y como ya hemos dicho, <strong>no estamos ante un producto exclusivamente estacional<\/strong>.<\/p>\n\n\n\n<h2 class=\"wp-block-heading\"><strong>Fr\u00edo y calor, las ventajas de una botella t\u00e9rmica<\/strong><\/h2>\n\n\n\n<p>La temperatura se mantiene en las botellas t\u00e9rmicas gracias a que cuentan con una doble pared interior. Esta caracter\u00edstica propicia que se evite <strong>el fen\u00f3meno f\u00edsico de la conducci\u00f3n<\/strong> (dos cuerpos en contacto pero a diferente temperatura). Esto es lo que sucede en un envase normal, el l\u00edquido entra en contacto con el recipiente que est\u00e1 a temperatura ambiente y ambos se acaban igualando. Tambi\u00e9n se evitan otros fen\u00f3menos f\u00edsicos que influyen en que el l\u00edquido este m\u00e1s caliente o fr\u00edo. Nos estamos refiriendo a la convecci\u00f3n (transferencia de calor entre fluidos) y la radiaci\u00f3n (la subida de temperatura por ondas electromagn\u00e9ticas).<\/p>\n\n\n\n<p>B\u00e1sicamente, <strong>la doble pared hace que esto no suceda y el l\u00edquido se mantenga fr\u00edo o caliente<\/strong>, seg\u00fan nos interese. Este es el \u201csecreto\u201d de las botellas de LIDL y de cualquier otro envase t\u00e9rmico. Si deseas m\u00e1s informaci\u00f3n, no te pierdas nuestro post sobre <a href=\"https:\/\/tazaspublicidad.es\/blog\/consejos-comprar-botellas-termicas\/\">c\u00f3mo funcionan las botellas termo<\/a>.<\/p>\n\n\n\n<p>Como ves, y pese a que LIDL se enfoc\u00f3 para los ni\u00f1os, los usos de una botella con funci\u00f3n t\u00e9rmica van mucho m\u00e1s all\u00e1. <strong>Estamos hablando de estos envases como regalos promocionales<\/strong> <strong>de primer nivel<\/strong>. Por ejemplo, son un producto muy apreciado para todas aquellas personas amantes de las excursiones o habituales del gimnasio. Lo que s\u00ed que nos puede ense\u00f1ar la cadena de supermercados es saber elegir bien el momento para presentar el obsequio de empresa que queremos promocionar.<\/p>\n\n\n\n<p>Por lo tanto, es un producto ideal para aquellos negocios que tengan entre su target a gente que practique deporte y\/o disfrute de las actividades al aire libre. <strong>Tambi\u00e9n piensa que tiene unas posibilidades de personalizaci\u00f3n muy buenas<\/strong>. Hemos hablado de los colores de las botellas t\u00e9rmicas del LIDL, pero tambi\u00e9n son recipientes con una superficie amplia para poder incluir el logo de nuestra empresa o el mensaje que queramos.<\/p>\n\n\n\n<figure class=\"wp-block-image size-full\"><img decoding=\"async\" width=\"1024\" height=\"683\" src=\"https:\/\/tazaspublicidad.es\/blog\/wp-content\/uploads\/2021\/09\/botella-termo-con-logo.jpg\" alt=\"botella termo con logo\" class=\"wp-image-3702\" srcset=\"https:\/\/tazaspublicidad.es\/blog\/wp-content\/uploads\/2021\/09\/botella-termo-con-logo.jpg 1024w, https:\/\/tazaspublicidad.es\/blog\/wp-content\/uploads\/2021\/09\/botella-termo-con-logo-300x200.jpg 300w, https:\/\/tazaspublicidad.es\/blog\/wp-content\/uploads\/2021\/09\/botella-termo-con-logo-768x512.jpg 768w, https:\/\/tazaspublicidad.es\/blog\/wp-content\/uploads\/2021\/09\/botella-termo-con-logo-700x467.jpg 700w, https:\/\/tazaspublicidad.es\/blog\/wp-content\/uploads\/2021\/09\/botella-termo-con-logo-220x147.jpg 220w, https:\/\/tazaspublicidad.es\/blog\/wp-content\/uploads\/2021\/09\/botella-termo-con-logo-140x93.jpg 140w, https:\/\/tazaspublicidad.es\/blog\/wp-content\/uploads\/2021\/09\/botella-termo-con-logo-940x627.jpg 940w\" sizes=\"(max-width: 1024px) 100vw, 1024px\" \/><\/figure>\n\n\n\n<p>E<strong>n Gift Campaign tenemos una amplia experiencia trabajando con botellas t\u00e9rmicas y otros recipientes<\/strong>. Por lo que podemos asesorarte para lanzar tu campa\u00f1a con estos regalos de empresa y decirte qu\u00e9 producto se ajusta mejor a tus necesidades.<\/p>\n\n\n\n<p>Nos gustar\u00eda tambi\u00e9n conocer tu opini\u00f3n sobre las botellas de LIDL. \u00bfLas has utilizado este verano? \u00bfHas querido comprar una y te has encontrado que se hab\u00edan agotado? \u00bfO has utilizado otros envases de este tipo como regalo de empresa? Estamos encantados de escucharte o de resolver cualquier duda que tengas. As\u00ed que tienes abiertos los comentarios de este post para lo que quieras.<\/p>\n","protected":false},"excerpt":{"rendered":"<p>Las madres y padres lo han tenido claro este verano: la mejor alternativa para que sus hijos tuvieran una bebida fresca a mano eran las botellas t\u00e9rmicas de LIDL. Estos supermercados se caracterizan por hacer una oferta de productos muy completa y diferenciada. Muchas veces, estos elementos llevan la propia marca de la cadena \u2014no &hellip;<\/p>\n","protected":false},"author":2,"featured_media":3693,"comment_status":"open","ping_status":"open","sticky":false,"template":"","format":"standard","meta":{"footnotes":""},"categories":[20],"tags":[88,91],"class_list":{"0":"post-3671","1":"post","2":"type-post","3":"status-publish","4":"format-standard","5":"has-post-thumbnail","7":"category-casos-de-exito","8":"tag-botellas-personalizadas","9":"tag-botellas-promocionales"},"yoast_head":"<!-- This site is optimized with the Yoast SEO plugin v27.3 - https:\/\/yoast.com\/product\/yoast-seo-wordpress\/ -->\n<title>Las botellas t\u00e9rmicas de LIDL: Por qu\u00e9 son esenciales en verano<\/title>\n<meta name=\"description\" content=\"Te explicamos las claves del \u00e9xito de las botellas t\u00e9rmicas de Lidl en este verano. Ver\u00e1s que son un buen producto como regalo de empresa.\" \/>\n<meta name=\"robots\" content=\"index, follow, max-snippet:-1, max-image-preview:large, max-video-preview:-1\" \/>\n<link rel=\"canonical\" href=\"https:\/\/tazaspublicidad.es\/blog\/botellas-termicas-lidl\/\" \/>\n<meta property=\"og:locale\" content=\"es_ES\" \/>\n<meta property=\"og:type\" content=\"article\" \/>\n<meta property=\"og:title\" content=\"Las botellas t\u00e9rmicas de LIDL: Por qu\u00e9 son esenciales en verano\" \/>\n<meta property=\"og:description\" content=\"Te explicamos las claves del \u00e9xito de las botellas t\u00e9rmicas de Lidl en este verano. Ver\u00e1s que son un buen producto como regalo de empresa.\" \/>\n<meta property=\"og:url\" content=\"https:\/\/tazaspublicidad.es\/blog\/botellas-termicas-lidl\/\" \/>\n<meta property=\"og:site_name\" content=\"Blog Tazaspublicidad.es\" \/>\n<meta property=\"article:published_time\" content=\"2021-09-22T11:34:46+00:00\" \/>\n<meta property=\"article:modified_time\" content=\"2023-02-09T11:33:57+00:00\" \/>\n<meta property=\"og:image\" content=\"https:\/\/tazaspublicidad.es\/blog\/wp-content\/uploads\/2021\/09\/merchandising-lidl.jpg\" \/>\n\t<meta property=\"og:image:width\" content=\"380\" \/>\n\t<meta property=\"og:image:height\" content=\"240\" \/>\n\t<meta property=\"og:image:type\" content=\"image\/jpeg\" \/>\n<meta name=\"author\" content=\"Ivan\" \/>\n<meta name=\"twitter:card\" content=\"summary_large_image\" \/>\n<meta name=\"twitter:label1\" content=\"Escrito por\" \/>\n\t<meta name=\"twitter:data1\" content=\"Ivan\" \/>\n\t<meta name=\"twitter:label2\" content=\"Tiempo de lectura\" \/>\n\t<meta name=\"twitter:data2\" content=\"4 minutos\" \/>\n<script type=\"application\/ld+json\" class=\"yoast-schema-graph\">{\"@context\":\"https:\\\/\\\/schema.org\",\"@graph\":[{\"@type\":\"Article\",\"@id\":\"https:\\\/\\\/tazaspublicidad.es\\\/blog\\\/botellas-termicas-lidl\\\/#article\",\"isPartOf\":{\"@id\":\"https:\\\/\\\/tazaspublicidad.es\\\/blog\\\/botellas-termicas-lidl\\\/\"},\"author\":{\"name\":\"Ivan\",\"@id\":\"https:\\\/\\\/tazaspublicidad.es\\\/blog\\\/#\\\/schema\\\/person\\\/26090c71b50c3f835f4409bbab9b1726\"},\"headline\":\"Las botellas t\u00e9rmicas de LIDL y por qu\u00e9 son indispensables en verano\",\"datePublished\":\"2021-09-22T11:34:46+00:00\",\"dateModified\":\"2023-02-09T11:33:57+00:00\",\"mainEntityOfPage\":{\"@id\":\"https:\\\/\\\/tazaspublicidad.es\\\/blog\\\/botellas-termicas-lidl\\\/\"},\"wordCount\":741,\"commentCount\":0,\"publisher\":{\"@id\":\"https:\\\/\\\/tazaspublicidad.es\\\/blog\\\/#organization\"},\"image\":{\"@id\":\"https:\\\/\\\/tazaspublicidad.es\\\/blog\\\/botellas-termicas-lidl\\\/#primaryimage\"},\"thumbnailUrl\":\"https:\\\/\\\/tazaspublicidad.es\\\/blog\\\/wp-content\\\/uploads\\\/2021\\\/09\\\/merchandising-lidl.jpg\",\"keywords\":[\"botellas personalizadas\",\"botellas promocionales\"],\"articleSection\":[\"Casos de \u00e9xito\"],\"inLanguage\":\"es\",\"potentialAction\":[{\"@type\":\"CommentAction\",\"name\":\"Comment\",\"target\":[\"https:\\\/\\\/tazaspublicidad.es\\\/blog\\\/botellas-termicas-lidl\\\/#respond\"]}]},{\"@type\":\"WebPage\",\"@id\":\"https:\\\/\\\/tazaspublicidad.es\\\/blog\\\/botellas-termicas-lidl\\\/\",\"url\":\"https:\\\/\\\/tazaspublicidad.es\\\/blog\\\/botellas-termicas-lidl\\\/\",\"name\":\"Las botellas t\u00e9rmicas de LIDL: Por qu\u00e9 son esenciales en verano\",\"isPartOf\":{\"@id\":\"https:\\\/\\\/tazaspublicidad.es\\\/blog\\\/#website\"},\"primaryImageOfPage\":{\"@id\":\"https:\\\/\\\/tazaspublicidad.es\\\/blog\\\/botellas-termicas-lidl\\\/#primaryimage\"},\"image\":{\"@id\":\"https:\\\/\\\/tazaspublicidad.es\\\/blog\\\/botellas-termicas-lidl\\\/#primaryimage\"},\"thumbnailUrl\":\"https:\\\/\\\/tazaspublicidad.es\\\/blog\\\/wp-content\\\/uploads\\\/2021\\\/09\\\/merchandising-lidl.jpg\",\"datePublished\":\"2021-09-22T11:34:46+00:00\",\"dateModified\":\"2023-02-09T11:33:57+00:00\",\"description\":\"Te explicamos las claves del \u00e9xito de las botellas t\u00e9rmicas de Lidl en este verano. Ver\u00e1s que son un buen producto como regalo de empresa.\",\"breadcrumb\":{\"@id\":\"https:\\\/\\\/tazaspublicidad.es\\\/blog\\\/botellas-termicas-lidl\\\/#breadcrumb\"},\"inLanguage\":\"es\",\"potentialAction\":[{\"@type\":\"ReadAction\",\"target\":[\"https:\\\/\\\/tazaspublicidad.es\\\/blog\\\/botellas-termicas-lidl\\\/\"]}]},{\"@type\":\"ImageObject\",\"inLanguage\":\"es\",\"@id\":\"https:\\\/\\\/tazaspublicidad.es\\\/blog\\\/botellas-termicas-lidl\\\/#primaryimage\",\"url\":\"https:\\\/\\\/tazaspublicidad.es\\\/blog\\\/wp-content\\\/uploads\\\/2021\\\/09\\\/merchandising-lidl.jpg\",\"contentUrl\":\"https:\\\/\\\/tazaspublicidad.es\\\/blog\\\/wp-content\\\/uploads\\\/2021\\\/09\\\/merchandising-lidl.jpg\",\"width\":380,\"height\":240,\"caption\":\"merchandising lidl\"},{\"@type\":\"BreadcrumbList\",\"@id\":\"https:\\\/\\\/tazaspublicidad.es\\\/blog\\\/botellas-termicas-lidl\\\/#breadcrumb\",\"itemListElement\":[{\"@type\":\"ListItem\",\"position\":1,\"name\":\"Portada\",\"item\":\"https:\\\/\\\/tazaspublicidad.es\\\/blog\\\/\"},{\"@type\":\"ListItem\",\"position\":2,\"name\":\"Las botellas t\u00e9rmicas de LIDL y por qu\u00e9 son indispensables en verano\"}]},{\"@type\":\"WebSite\",\"@id\":\"https:\\\/\\\/tazaspublicidad.es\\\/blog\\\/#website\",\"url\":\"https:\\\/\\\/tazaspublicidad.es\\\/blog\\\/\",\"name\":\"Blog Tazaspublicidad.es\",\"description\":\"Tazas Personalizadas para Empresas\",\"publisher\":{\"@id\":\"https:\\\/\\\/tazaspublicidad.es\\\/blog\\\/#organization\"},\"potentialAction\":[{\"@type\":\"SearchAction\",\"target\":{\"@type\":\"EntryPoint\",\"urlTemplate\":\"https:\\\/\\\/tazaspublicidad.es\\\/blog\\\/?s={search_term_string}\"},\"query-input\":{\"@type\":\"PropertyValueSpecification\",\"valueRequired\":true,\"valueName\":\"search_term_string\"}}],\"inLanguage\":\"es\"},{\"@type\":\"Organization\",\"@id\":\"https:\\\/\\\/tazaspublicidad.es\\\/blog\\\/#organization\",\"name\":\"Tazas Publicidad\",\"url\":\"https:\\\/\\\/tazaspublicidad.es\\\/blog\\\/\",\"logo\":{\"@type\":\"ImageObject\",\"inLanguage\":\"es\",\"@id\":\"https:\\\/\\\/tazaspublicidad.es\\\/blog\\\/#\\\/schema\\\/logo\\\/image\\\/\",\"url\":\"https:\\\/\\\/tazaspublicidad.es\\\/blog\\\/wp-content\\\/uploads\\\/2023\\\/01\\\/Logo-gift-campaign-2.jpg\",\"contentUrl\":\"https:\\\/\\\/tazaspublicidad.es\\\/blog\\\/wp-content\\\/uploads\\\/2023\\\/01\\\/Logo-gift-campaign-2.jpg\",\"width\":1200,\"height\":204,\"caption\":\"Tazas Publicidad\"},\"image\":{\"@id\":\"https:\\\/\\\/tazaspublicidad.es\\\/blog\\\/#\\\/schema\\\/logo\\\/image\\\/\"}},{\"@type\":\"Person\",\"@id\":\"https:\\\/\\\/tazaspublicidad.es\\\/blog\\\/#\\\/schema\\\/person\\\/26090c71b50c3f835f4409bbab9b1726\",\"name\":\"Ivan\",\"image\":{\"@type\":\"ImageObject\",\"inLanguage\":\"es\",\"@id\":\"https:\\\/\\\/secure.gravatar.com\\\/avatar\\\/a2329fee46616883e185fae510e91e5eb8949f6d38d2f8befbb1cb12d6a8c373?s=96&d=mm&r=g\",\"url\":\"https:\\\/\\\/secure.gravatar.com\\\/avatar\\\/a2329fee46616883e185fae510e91e5eb8949f6d38d2f8befbb1cb12d6a8c373?s=96&d=mm&r=g\",\"contentUrl\":\"https:\\\/\\\/secure.gravatar.com\\\/avatar\\\/a2329fee46616883e185fae510e91e5eb8949f6d38d2f8befbb1cb12d6a8c373?s=96&d=mm&r=g\",\"caption\":\"Ivan\"}}]}<\/script>\n<!-- \/ Yoast SEO plugin. -->","yoast_head_json":{"title":"Las botellas t\u00e9rmicas de LIDL: Por qu\u00e9 son esenciales en verano","description":"Te explicamos las claves del \u00e9xito de las botellas t\u00e9rmicas de Lidl en este verano. Ver\u00e1s que son un buen producto como regalo de empresa.","robots":{"index":"index","follow":"follow","max-snippet":"max-snippet:-1","max-image-preview":"max-image-preview:large","max-video-preview":"max-video-preview:-1"},"canonical":"https:\/\/tazaspublicidad.es\/blog\/botellas-termicas-lidl\/","og_locale":"es_ES","og_type":"article","og_title":"Las botellas t\u00e9rmicas de LIDL: Por qu\u00e9 son esenciales en verano","og_description":"Te explicamos las claves del \u00e9xito de las botellas t\u00e9rmicas de Lidl en este verano. Ver\u00e1s que son un buen producto como regalo de empresa.","og_url":"https:\/\/tazaspublicidad.es\/blog\/botellas-termicas-lidl\/","og_site_name":"Blog Tazaspublicidad.es","article_published_time":"2021-09-22T11:34:46+00:00","article_modified_time":"2023-02-09T11:33:57+00:00","og_image":[{"width":380,"height":240,"url":"https:\/\/tazaspublicidad.es\/blog\/wp-content\/uploads\/2021\/09\/merchandising-lidl.jpg","type":"image\/jpeg"}],"author":"Ivan","twitter_card":"summary_large_image","twitter_misc":{"Escrito por":"Ivan","Tiempo de lectura":"4 minutos"},"schema":{"@context":"https:\/\/schema.org","@graph":[{"@type":"Article","@id":"https:\/\/tazaspublicidad.es\/blog\/botellas-termicas-lidl\/#article","isPartOf":{"@id":"https:\/\/tazaspublicidad.es\/blog\/botellas-termicas-lidl\/"},"author":{"name":"Ivan","@id":"https:\/\/tazaspublicidad.es\/blog\/#\/schema\/person\/26090c71b50c3f835f4409bbab9b1726"},"headline":"Las botellas t\u00e9rmicas de LIDL y por qu\u00e9 son indispensables en verano","datePublished":"2021-09-22T11:34:46+00:00","dateModified":"2023-02-09T11:33:57+00:00","mainEntityOfPage":{"@id":"https:\/\/tazaspublicidad.es\/blog\/botellas-termicas-lidl\/"},"wordCount":741,"commentCount":0,"publisher":{"@id":"https:\/\/tazaspublicidad.es\/blog\/#organization"},"image":{"@id":"https:\/\/tazaspublicidad.es\/blog\/botellas-termicas-lidl\/#primaryimage"},"thumbnailUrl":"https:\/\/tazaspublicidad.es\/blog\/wp-content\/uploads\/2021\/09\/merchandising-lidl.jpg","keywords":["botellas personalizadas","botellas promocionales"],"articleSection":["Casos de \u00e9xito"],"inLanguage":"es","potentialAction":[{"@type":"CommentAction","name":"Comment","target":["https:\/\/tazaspublicidad.es\/blog\/botellas-termicas-lidl\/#respond"]}]},{"@type":"WebPage","@id":"https:\/\/tazaspublicidad.es\/blog\/botellas-termicas-lidl\/","url":"https:\/\/tazaspublicidad.es\/blog\/botellas-termicas-lidl\/","name":"Las botellas t\u00e9rmicas de LIDL: Por qu\u00e9 son esenciales en verano","isPartOf":{"@id":"https:\/\/tazaspublicidad.es\/blog\/#website"},"primaryImageOfPage":{"@id":"https:\/\/tazaspublicidad.es\/blog\/botellas-termicas-lidl\/#primaryimage"},"image":{"@id":"https:\/\/tazaspublicidad.es\/blog\/botellas-termicas-lidl\/#primaryimage"},"thumbnailUrl":"https:\/\/tazaspublicidad.es\/blog\/wp-content\/uploads\/2021\/09\/merchandising-lidl.jpg","datePublished":"2021-09-22T11:34:46+00:00","dateModified":"2023-02-09T11:33:57+00:00","description":"Te explicamos las claves del \u00e9xito de las botellas t\u00e9rmicas de Lidl en este verano. Ver\u00e1s que son un buen producto como regalo de empresa.","breadcrumb":{"@id":"https:\/\/tazaspublicidad.es\/blog\/botellas-termicas-lidl\/#breadcrumb"},"inLanguage":"es","potentialAction":[{"@type":"ReadAction","target":["https:\/\/tazaspublicidad.es\/blog\/botellas-termicas-lidl\/"]}]},{"@type":"ImageObject","inLanguage":"es","@id":"https:\/\/tazaspublicidad.es\/blog\/botellas-termicas-lidl\/#primaryimage","url":"https:\/\/tazaspublicidad.es\/blog\/wp-content\/uploads\/2021\/09\/merchandising-lidl.jpg","contentUrl":"https:\/\/tazaspublicidad.es\/blog\/wp-content\/uploads\/2021\/09\/merchandising-lidl.jpg","width":380,"height":240,"caption":"merchandising lidl"},{"@type":"BreadcrumbList","@id":"https:\/\/tazaspublicidad.es\/blog\/botellas-termicas-lidl\/#breadcrumb","itemListElement":[{"@type":"ListItem","position":1,"name":"Portada","item":"https:\/\/tazaspublicidad.es\/blog\/"},{"@type":"ListItem","position":2,"name":"Las botellas t\u00e9rmicas de LIDL y por qu\u00e9 son indispensables en verano"}]},{"@type":"WebSite","@id":"https:\/\/tazaspublicidad.es\/blog\/#website","url":"https:\/\/tazaspublicidad.es\/blog\/","name":"Blog Tazaspublicidad.es","description":"Tazas Personalizadas para Empresas","publisher":{"@id":"https:\/\/tazaspublicidad.es\/blog\/#organization"},"potentialAction":[{"@type":"SearchAction","target":{"@type":"EntryPoint","urlTemplate":"https:\/\/tazaspublicidad.es\/blog\/?s={search_term_string}"},"query-input":{"@type":"PropertyValueSpecification","valueRequired":true,"valueName":"search_term_string"}}],"inLanguage":"es"},{"@type":"Organization","@id":"https:\/\/tazaspublicidad.es\/blog\/#organization","name":"Tazas Publicidad","url":"https:\/\/tazaspublicidad.es\/blog\/","logo":{"@type":"ImageObject","inLanguage":"es","@id":"https:\/\/tazaspublicidad.es\/blog\/#\/schema\/logo\/image\/","url":"https:\/\/tazaspublicidad.es\/blog\/wp-content\/uploads\/2023\/01\/Logo-gift-campaign-2.jpg","contentUrl":"https:\/\/tazaspublicidad.es\/blog\/wp-content\/uploads\/2023\/01\/Logo-gift-campaign-2.jpg","width":1200,"height":204,"caption":"Tazas Publicidad"},"image":{"@id":"https:\/\/tazaspublicidad.es\/blog\/#\/schema\/logo\/image\/"}},{"@type":"Person","@id":"https:\/\/tazaspublicidad.es\/blog\/#\/schema\/person\/26090c71b50c3f835f4409bbab9b1726","name":"Ivan","image":{"@type":"ImageObject","inLanguage":"es","@id":"https:\/\/secure.gravatar.com\/avatar\/a2329fee46616883e185fae510e91e5eb8949f6d38d2f8befbb1cb12d6a8c373?s=96&d=mm&r=g","url":"https:\/\/secure.gravatar.com\/avatar\/a2329fee46616883e185fae510e91e5eb8949f6d38d2f8befbb1cb12d6a8c373?s=96&d=mm&r=g","contentUrl":"https:\/\/secure.gravatar.com\/avatar\/a2329fee46616883e185fae510e91e5eb8949f6d38d2f8befbb1cb12d6a8c373?s=96&d=mm&r=g","caption":"Ivan"}}]}},"_links":{"self":[{"href":"https:\/\/tazaspublicidad.es\/blog\/wp-json\/wp\/v2\/posts\/3671","targetHints":{"allow":["GET"]}}],"collection":[{"href":"https:\/\/tazaspublicidad.es\/blog\/wp-json\/wp\/v2\/posts"}],"about":[{"href":"https:\/\/tazaspublicidad.es\/blog\/wp-json\/wp\/v2\/types\/post"}],"author":[{"embeddable":true,"href":"https:\/\/tazaspublicidad.es\/blog\/wp-json\/wp\/v2\/users\/2"}],"replies":[{"embeddable":true,"href":"https:\/\/tazaspublicidad.es\/blog\/wp-json\/wp\/v2\/comments?post=3671"}],"version-history":[{"count":9,"href":"https:\/\/tazaspublicidad.es\/blog\/wp-json\/wp\/v2\/posts\/3671\/revisions"}],"predecessor-version":[{"id":4592,"href":"https:\/\/tazaspublicidad.es\/blog\/wp-json\/wp\/v2\/posts\/3671\/revisions\/4592"}],"wp:featuredmedia":[{"embeddable":true,"href":"https:\/\/tazaspublicidad.es\/blog\/wp-json\/wp\/v2\/media\/3693"}],"wp:attachment":[{"href":"https:\/\/tazaspublicidad.es\/blog\/wp-json\/wp\/v2\/media?parent=3671"}],"wp:term":[{"taxonomy":"category","embeddable":true,"href":"https:\/\/tazaspublicidad.es\/blog\/wp-json\/wp\/v2\/categories?post=3671"},{"taxonomy":"post_tag","embeddable":true,"href":"https:\/\/tazaspublicidad.es\/blog\/wp-json\/wp\/v2\/tags?post=3671"}],"curies":[{"name":"wp","href":"https:\/\/api.w.org\/{rel}","templated":true}]}}