{"id":4187,"date":"2022-10-06T10:04:38","date_gmt":"2022-10-06T10:04:38","guid":{"rendered":"https:\/\/tazaspublicidad.es\/blog\/?p=4187"},"modified":"2023-02-09T12:17:32","modified_gmt":"2023-02-09T12:17:32","slug":"tazas-reina-isabel","status":"publish","type":"post","link":"https:\/\/tazaspublicidad.es\/blog\/tazas-reina-isabel\/","title":{"rendered":"Se dispara la demanda de tazas de Isabel II y otro merchandising de la Familia Real"},"content":{"rendered":"\n<figure class=\"wp-block-image size-large is-resized\"><img decoding=\"async\" src=\"https:\/\/tazaspublicidad.es\/blog\/wp-content\/uploads\/2022\/10\/samuel-regan-asante-j1PzmntH4-E-unsplash-1024x683.jpg\" alt=\"Cartel conmemorativo de la reina Isabel II en una calle de Londres. Su imagen puede verse tambi\u00e9n en las tazas.\" class=\"wp-image-4188\" width=\"1024\" height=\"683\" srcset=\"https:\/\/tazaspublicidad.es\/blog\/wp-content\/uploads\/2022\/10\/samuel-regan-asante-j1PzmntH4-E-unsplash-1024x683.jpg 1024w, https:\/\/tazaspublicidad.es\/blog\/wp-content\/uploads\/2022\/10\/samuel-regan-asante-j1PzmntH4-E-unsplash-300x200.jpg 300w, https:\/\/tazaspublicidad.es\/blog\/wp-content\/uploads\/2022\/10\/samuel-regan-asante-j1PzmntH4-E-unsplash-768x512.jpg 768w, https:\/\/tazaspublicidad.es\/blog\/wp-content\/uploads\/2022\/10\/samuel-regan-asante-j1PzmntH4-E-unsplash-700x467.jpg 700w, https:\/\/tazaspublicidad.es\/blog\/wp-content\/uploads\/2022\/10\/samuel-regan-asante-j1PzmntH4-E-unsplash-220x147.jpg 220w, https:\/\/tazaspublicidad.es\/blog\/wp-content\/uploads\/2022\/10\/samuel-regan-asante-j1PzmntH4-E-unsplash-140x93.jpg 140w, https:\/\/tazaspublicidad.es\/blog\/wp-content\/uploads\/2022\/10\/samuel-regan-asante-j1PzmntH4-E-unsplash-940x627.jpg 940w, https:\/\/tazaspublicidad.es\/blog\/wp-content\/uploads\/2022\/10\/samuel-regan-asante-j1PzmntH4-E-unsplash.jpg 1200w\" sizes=\"(max-width: 1024px) 100vw, 1024px\" \/><\/figure>\n\n\n\n<p>No descubrimos nada nuevo al decir que la muerte de Isabel II de Reino Unido ha sido una de las noticias destacadas del 2022. Todos hemos visto su impacto medi\u00e1tico a m\u00faltiples niveles y en el terreno de merchandising tambi\u00e9n se ha notado la importancia del momento. El inter\u00e9s por productos relacionados con la familia real brit\u00e1nica se ha disparado, y en especial las tazas dedicadas a la reina Isabel.<\/p>\n\n\n\n<p>Seguramente no exageramos si decimos que <strong>la familia real brit\u00e1nica es la monarqu\u00eda m\u00e1s popular del planeta<\/strong>. Esta fama tiene su reflejo en la gran cantidad de productos con la imagen de sus integrantes: la propia reina Isabel, los pr\u00edncipes de Gales (en su momento Carlos y Diana, y ahora Guillermo y Kate)\u2026 Si has estado en Londres o en otros puntos de Gran Breta\u00f1a, seguro que has visto estos regalos en las tiendas de souvenirs.<\/p>\n\n\n\n<p>No solo es una apreciaci\u00f3n a pie de calle. <strong>Las cifras demuestran que los grandes eventos relacionados con la familia real mueven grandes cantidades de dinero<\/strong>. Por ejemplo, seg\u00fan datos de un <a href=\"https:\/\/www.retailresearch.org\/royal-events.html\">informe del Center for Retail Research sobre el merchandising de los Windsor<\/a>, durante el Jubileo de Platino de la reina Isabel II (el 60\u00ba aniversario de su ascensi\u00f3n al trono en 2022), se vendieron m\u00e1s de 323 millones de euros en merchandising.<\/p>\n\n\n\n<figure class=\"wp-block-image size-large is-resized\"><img decoding=\"async\" src=\"https:\/\/tazaspublicidad.es\/blog\/wp-content\/uploads\/2022\/10\/samuel-regan-asante-m2rV4Xv1-vw-unsplash-1024x683.jpg\" alt=\"Flores en la verja de Buckingham Palace.\" class=\"wp-image-4190\" width=\"1024\" height=\"683\" srcset=\"https:\/\/tazaspublicidad.es\/blog\/wp-content\/uploads\/2022\/10\/samuel-regan-asante-m2rV4Xv1-vw-unsplash-1024x683.jpg 1024w, https:\/\/tazaspublicidad.es\/blog\/wp-content\/uploads\/2022\/10\/samuel-regan-asante-m2rV4Xv1-vw-unsplash-300x200.jpg 300w, https:\/\/tazaspublicidad.es\/blog\/wp-content\/uploads\/2022\/10\/samuel-regan-asante-m2rV4Xv1-vw-unsplash-768x512.jpg 768w, https:\/\/tazaspublicidad.es\/blog\/wp-content\/uploads\/2022\/10\/samuel-regan-asante-m2rV4Xv1-vw-unsplash-700x467.jpg 700w, https:\/\/tazaspublicidad.es\/blog\/wp-content\/uploads\/2022\/10\/samuel-regan-asante-m2rV4Xv1-vw-unsplash-220x147.jpg 220w, https:\/\/tazaspublicidad.es\/blog\/wp-content\/uploads\/2022\/10\/samuel-regan-asante-m2rV4Xv1-vw-unsplash-140x93.jpg 140w, https:\/\/tazaspublicidad.es\/blog\/wp-content\/uploads\/2022\/10\/samuel-regan-asante-m2rV4Xv1-vw-unsplash-940x627.jpg 940w, https:\/\/tazaspublicidad.es\/blog\/wp-content\/uploads\/2022\/10\/samuel-regan-asante-m2rV4Xv1-vw-unsplash.jpg 1200w\" sizes=\"(max-width: 1024px) 100vw, 1024px\" \/><\/figure>\n\n\n\n<p>Si se mira en detalle el gasto por este evento, llama la atenci\u00f3n que, y siguiendo con los datos ofrecidos por el Center for Retail Research,<strong> se vendieron seis millones de tazas de la reina Isabel<\/strong> \u2014uno de los productos relacionados con la familia brit\u00e1nica m\u00e1s populares\u2014. Estos envases estuvieron en el podio del merchandising mon\u00e1rquico, solo se vieron superados por la venta de banderas (10 millones).<\/p>\n\n\n\n<p><strong>Las tazas han tenido un fuerte protagonismo en los \u00faltimos grandes eventos de los Windsor<\/strong>. Por ejemplo, en el Jubileo de Diamante se vendieron cinco millones de tazas. Un caso con otros miembros de la dinast\u00eda, fue la boda de los pr\u00edncipes Guillermo y Kate. Durante el evento, los brit\u00e1nicos adquirieron tres millones y medios de envases de todo tipo.<\/p>\n\n\n\n<p>A\u00fan no se dispone de datos exactos, pero seguro que el funeral ofrecer\u00e1 datos que, como m\u00ednimo, <strong>igualar\u00e1n la parte alta de estos datos<\/strong>. No hay que perder de vista que estamos hablando de la monarca m\u00e1s longeva en el trono de Buckingham Palace (70 a\u00f1os por los 63 que gobern\u00f3 su tatarabuela, la reina Victoria.<\/p>\n\n\n\n<figure class=\"wp-block-image size-large\"><img decoding=\"async\" width=\"1024\" height=\"664\" src=\"https:\/\/tazaspublicidad.es\/blog\/wp-content\/uploads\/2022\/10\/pexels-rome\u0301o-1560102-1024x664.jpg\" alt=\"Las tazas de Isabel II pueden ser una buena manera de recordar a la monarca. \" class=\"wp-image-4193\" srcset=\"https:\/\/tazaspublicidad.es\/blog\/wp-content\/uploads\/2022\/10\/pexels-rome\u0301o-1560102-1024x664.jpg 1024w, https:\/\/tazaspublicidad.es\/blog\/wp-content\/uploads\/2022\/10\/pexels-rome\u0301o-1560102-300x195.jpg 300w, https:\/\/tazaspublicidad.es\/blog\/wp-content\/uploads\/2022\/10\/pexels-rome\u0301o-1560102-768x498.jpg 768w, https:\/\/tazaspublicidad.es\/blog\/wp-content\/uploads\/2022\/10\/pexels-rome\u0301o-1560102-700x454.jpg 700w, https:\/\/tazaspublicidad.es\/blog\/wp-content\/uploads\/2022\/10\/pexels-rome\u0301o-1560102-220x143.jpg 220w, https:\/\/tazaspublicidad.es\/blog\/wp-content\/uploads\/2022\/10\/pexels-rome\u0301o-1560102-140x91.jpg 140w, https:\/\/tazaspublicidad.es\/blog\/wp-content\/uploads\/2022\/10\/pexels-rome\u0301o-1560102-940x609.jpg 940w, https:\/\/tazaspublicidad.es\/blog\/wp-content\/uploads\/2022\/10\/pexels-rome\u0301o-1560102.jpg 1200w\" sizes=\"(max-width: 1024px) 100vw, 1024px\" \/><\/figure>\n\n\n\n<p>Un dato para resaltar, <strong>estos productos se pueden comprar en una gran variedad de establecimientos<\/strong>. Desde las t\u00edpicas tiendas de souvenirs en el centro de Londres y otras localidades brit\u00e1nicas hasta lugares emblem\u00e1ticos como el <a href=\"https:\/\/www.britishmuseumshoponline.org\/inspired-by\/inspired-by-the-royal-family.html\">British Museum<\/a> o <a href=\"https:\/\/www.historicroyalpalaces.com\/collections\/historic-royal-palaces\/kensingtonpalace.html\">algunos de los palacios del patrimonio del pa\u00eds<\/a>.<\/p>\n\n\n\n<h2 class=\"wp-block-heading\">Tazas para repasar toda la vida de Isabel II<\/h2>\n\n\n\n<p>Volviendo a centrarnos en la cuesti\u00f3n de las tazas sobre Isabel II, <strong>podemos encontrar modelos que repasan todas las etapas de la vida de esta soberana<\/strong>. Por ejemplo, hay <a href=\"https:\/\/www.royalcollectionshop.co.uk\/chinaware\/collection\/queen-elizabeth-ii-commemorative-range.html\">algunas que conmemoran la coronaci\u00f3n de la soberana<\/a>. Por supuesto, <a href=\"https:\/\/www.hellomagazine.com\/shopping\/20220913150940\/queen-elizabeth-mugs-china-tea-cups\/\">ya est\u00e1n disponibles los modelos que conmemoran todo su reinado<\/a>. Tampoco faltan algunas que recuerdan lugares vinculados a la reina, como el palacio de Balmoral.<\/p>\n\n\n\n<p><strong>\u00bfQu\u00e9 puedes aprender de la monarqu\u00eda brit\u00e1nica y su merchandising?<\/strong> Bien, que cualquier aspecto de tu identidad corporativa es susceptible de convertirse en tem\u00e1tica para un posible regalo de empresa. Las <a href=\"https:\/\/tazaspublicidad.es\/blog\/mejores-tazas-personalizadas-regalar\/\">tazas de regalo<\/a> tienen la ventaja de que se personalizan bien y dan juego en este sentido. A veces nos obsesionamos con los cl\u00e1sicos claims de venta, pero se puede ir mucho m\u00e1s all\u00e1.<\/p>\n","protected":false},"excerpt":{"rendered":"<p>No descubrimos nada nuevo al decir que la muerte de Isabel II de Reino Unido ha sido una de las noticias destacadas del 2022. Todos hemos visto su impacto medi\u00e1tico a m\u00faltiples niveles y en el terreno de merchandising tambi\u00e9n se ha notado la importancia del momento. El inter\u00e9s por productos relacionados con la familia &hellip;<\/p>\n","protected":false},"author":2,"featured_media":4199,"comment_status":"open","ping_status":"open","sticky":false,"template":"","format":"standard","meta":{"footnotes":""},"categories":[25],"tags":[21],"class_list":{"0":"post-4187","1":"post","2":"type-post","3":"status-publish","4":"format-standard","5":"has-post-thumbnail","7":"category-curiosidades","8":"tag-tazas-personalizadas"},"yoast_head":"<!-- This site is optimized with the Yoast SEO plugin v27.3 - https:\/\/yoast.com\/product\/yoast-seo-wordpress\/ -->\n<title>Se dispara la demanda de tazas de la Reina Isabel II<\/title>\n<meta name=\"description\" content=\"El fallecimiento de la reina Isabel II ha hecho aumentar el inter\u00e9s por el merchandising relacionado con ella y en especial las tazas.\" \/>\n<meta name=\"robots\" content=\"index, follow, max-snippet:-1, max-image-preview:large, max-video-preview:-1\" \/>\n<link rel=\"canonical\" href=\"https:\/\/tazaspublicidad.es\/blog\/tazas-reina-isabel\/\" \/>\n<meta property=\"og:locale\" content=\"es_ES\" \/>\n<meta property=\"og:type\" content=\"article\" \/>\n<meta property=\"og:title\" content=\"Se dispara la demanda de tazas de la Reina Isabel II\" \/>\n<meta property=\"og:description\" content=\"El fallecimiento de la reina Isabel II ha hecho aumentar el inter\u00e9s por el merchandising relacionado con ella y en especial las tazas.\" \/>\n<meta property=\"og:url\" content=\"https:\/\/tazaspublicidad.es\/blog\/tazas-reina-isabel\/\" \/>\n<meta property=\"og:site_name\" content=\"Blog Tazaspublicidad.es\" \/>\n<meta property=\"article:published_time\" content=\"2022-10-06T10:04:38+00:00\" \/>\n<meta property=\"article:modified_time\" content=\"2023-02-09T12:17:32+00:00\" \/>\n<meta property=\"og:image\" content=\"https:\/\/tazaspublicidad.es\/blog\/wp-content\/uploads\/2022\/10\/aumenta-demanda-tazas-isabel.jpg\" \/>\n\t<meta property=\"og:image:width\" content=\"380\" \/>\n\t<meta property=\"og:image:height\" content=\"240\" \/>\n\t<meta property=\"og:image:type\" content=\"image\/jpeg\" \/>\n<meta name=\"author\" content=\"Ivan\" \/>\n<meta name=\"twitter:card\" content=\"summary_large_image\" \/>\n<meta name=\"twitter:label1\" content=\"Escrito por\" \/>\n\t<meta name=\"twitter:data1\" content=\"Ivan\" \/>\n\t<meta name=\"twitter:label2\" content=\"Tiempo de lectura\" \/>\n\t<meta name=\"twitter:data2\" content=\"4 minutos\" \/>\n<script type=\"application\/ld+json\" class=\"yoast-schema-graph\">{\"@context\":\"https:\\\/\\\/schema.org\",\"@graph\":[{\"@type\":\"Article\",\"@id\":\"https:\\\/\\\/tazaspublicidad.es\\\/blog\\\/tazas-reina-isabel\\\/#article\",\"isPartOf\":{\"@id\":\"https:\\\/\\\/tazaspublicidad.es\\\/blog\\\/tazas-reina-isabel\\\/\"},\"author\":{\"name\":\"Ivan\",\"@id\":\"https:\\\/\\\/tazaspublicidad.es\\\/blog\\\/#\\\/schema\\\/person\\\/26090c71b50c3f835f4409bbab9b1726\"},\"headline\":\"Se dispara la demanda de tazas de Isabel II y otro merchandising de la Familia Real\",\"datePublished\":\"2022-10-06T10:04:38+00:00\",\"dateModified\":\"2023-02-09T12:17:32+00:00\",\"mainEntityOfPage\":{\"@id\":\"https:\\\/\\\/tazaspublicidad.es\\\/blog\\\/tazas-reina-isabel\\\/\"},\"wordCount\":634,\"commentCount\":0,\"publisher\":{\"@id\":\"https:\\\/\\\/tazaspublicidad.es\\\/blog\\\/#organization\"},\"image\":{\"@id\":\"https:\\\/\\\/tazaspublicidad.es\\\/blog\\\/tazas-reina-isabel\\\/#primaryimage\"},\"thumbnailUrl\":\"https:\\\/\\\/tazaspublicidad.es\\\/blog\\\/wp-content\\\/uploads\\\/2022\\\/10\\\/aumenta-demanda-tazas-isabel.jpg\",\"keywords\":[\"tazas personalizadas\"],\"articleSection\":[\"Curiosidades\"],\"inLanguage\":\"es\",\"potentialAction\":[{\"@type\":\"CommentAction\",\"name\":\"Comment\",\"target\":[\"https:\\\/\\\/tazaspublicidad.es\\\/blog\\\/tazas-reina-isabel\\\/#respond\"]}]},{\"@type\":\"WebPage\",\"@id\":\"https:\\\/\\\/tazaspublicidad.es\\\/blog\\\/tazas-reina-isabel\\\/\",\"url\":\"https:\\\/\\\/tazaspublicidad.es\\\/blog\\\/tazas-reina-isabel\\\/\",\"name\":\"Se dispara la demanda de tazas de la Reina Isabel II\",\"isPartOf\":{\"@id\":\"https:\\\/\\\/tazaspublicidad.es\\\/blog\\\/#website\"},\"primaryImageOfPage\":{\"@id\":\"https:\\\/\\\/tazaspublicidad.es\\\/blog\\\/tazas-reina-isabel\\\/#primaryimage\"},\"image\":{\"@id\":\"https:\\\/\\\/tazaspublicidad.es\\\/blog\\\/tazas-reina-isabel\\\/#primaryimage\"},\"thumbnailUrl\":\"https:\\\/\\\/tazaspublicidad.es\\\/blog\\\/wp-content\\\/uploads\\\/2022\\\/10\\\/aumenta-demanda-tazas-isabel.jpg\",\"datePublished\":\"2022-10-06T10:04:38+00:00\",\"dateModified\":\"2023-02-09T12:17:32+00:00\",\"description\":\"El fallecimiento de la reina Isabel II ha hecho aumentar el inter\u00e9s por el merchandising relacionado con ella y en especial las tazas.\",\"breadcrumb\":{\"@id\":\"https:\\\/\\\/tazaspublicidad.es\\\/blog\\\/tazas-reina-isabel\\\/#breadcrumb\"},\"inLanguage\":\"es\",\"potentialAction\":[{\"@type\":\"ReadAction\",\"target\":[\"https:\\\/\\\/tazaspublicidad.es\\\/blog\\\/tazas-reina-isabel\\\/\"]}]},{\"@type\":\"ImageObject\",\"inLanguage\":\"es\",\"@id\":\"https:\\\/\\\/tazaspublicidad.es\\\/blog\\\/tazas-reina-isabel\\\/#primaryimage\",\"url\":\"https:\\\/\\\/tazaspublicidad.es\\\/blog\\\/wp-content\\\/uploads\\\/2022\\\/10\\\/aumenta-demanda-tazas-isabel.jpg\",\"contentUrl\":\"https:\\\/\\\/tazaspublicidad.es\\\/blog\\\/wp-content\\\/uploads\\\/2022\\\/10\\\/aumenta-demanda-tazas-isabel.jpg\",\"width\":380,\"height\":240,\"caption\":\"aumenta demanda tazas isabel\"},{\"@type\":\"BreadcrumbList\",\"@id\":\"https:\\\/\\\/tazaspublicidad.es\\\/blog\\\/tazas-reina-isabel\\\/#breadcrumb\",\"itemListElement\":[{\"@type\":\"ListItem\",\"position\":1,\"name\":\"Portada\",\"item\":\"https:\\\/\\\/tazaspublicidad.es\\\/blog\\\/\"},{\"@type\":\"ListItem\",\"position\":2,\"name\":\"Se dispara la demanda de tazas de Isabel II y otro merchandising de la Familia Real\"}]},{\"@type\":\"WebSite\",\"@id\":\"https:\\\/\\\/tazaspublicidad.es\\\/blog\\\/#website\",\"url\":\"https:\\\/\\\/tazaspublicidad.es\\\/blog\\\/\",\"name\":\"Blog Tazaspublicidad.es\",\"description\":\"Tazas Personalizadas para Empresas\",\"publisher\":{\"@id\":\"https:\\\/\\\/tazaspublicidad.es\\\/blog\\\/#organization\"},\"potentialAction\":[{\"@type\":\"SearchAction\",\"target\":{\"@type\":\"EntryPoint\",\"urlTemplate\":\"https:\\\/\\\/tazaspublicidad.es\\\/blog\\\/?s={search_term_string}\"},\"query-input\":{\"@type\":\"PropertyValueSpecification\",\"valueRequired\":true,\"valueName\":\"search_term_string\"}}],\"inLanguage\":\"es\"},{\"@type\":\"Organization\",\"@id\":\"https:\\\/\\\/tazaspublicidad.es\\\/blog\\\/#organization\",\"name\":\"Tazas Publicidad\",\"url\":\"https:\\\/\\\/tazaspublicidad.es\\\/blog\\\/\",\"logo\":{\"@type\":\"ImageObject\",\"inLanguage\":\"es\",\"@id\":\"https:\\\/\\\/tazaspublicidad.es\\\/blog\\\/#\\\/schema\\\/logo\\\/image\\\/\",\"url\":\"https:\\\/\\\/tazaspublicidad.es\\\/blog\\\/wp-content\\\/uploads\\\/2023\\\/01\\\/Logo-gift-campaign-2.jpg\",\"contentUrl\":\"https:\\\/\\\/tazaspublicidad.es\\\/blog\\\/wp-content\\\/uploads\\\/2023\\\/01\\\/Logo-gift-campaign-2.jpg\",\"width\":1200,\"height\":204,\"caption\":\"Tazas Publicidad\"},\"image\":{\"@id\":\"https:\\\/\\\/tazaspublicidad.es\\\/blog\\\/#\\\/schema\\\/logo\\\/image\\\/\"}},{\"@type\":\"Person\",\"@id\":\"https:\\\/\\\/tazaspublicidad.es\\\/blog\\\/#\\\/schema\\\/person\\\/26090c71b50c3f835f4409bbab9b1726\",\"name\":\"Ivan\",\"image\":{\"@type\":\"ImageObject\",\"inLanguage\":\"es\",\"@id\":\"https:\\\/\\\/secure.gravatar.com\\\/avatar\\\/a2329fee46616883e185fae510e91e5eb8949f6d38d2f8befbb1cb12d6a8c373?s=96&d=mm&r=g\",\"url\":\"https:\\\/\\\/secure.gravatar.com\\\/avatar\\\/a2329fee46616883e185fae510e91e5eb8949f6d38d2f8befbb1cb12d6a8c373?s=96&d=mm&r=g\",\"contentUrl\":\"https:\\\/\\\/secure.gravatar.com\\\/avatar\\\/a2329fee46616883e185fae510e91e5eb8949f6d38d2f8befbb1cb12d6a8c373?s=96&d=mm&r=g\",\"caption\":\"Ivan\"}}]}<\/script>\n<!-- \/ Yoast SEO plugin. -->","yoast_head_json":{"title":"Se dispara la demanda de tazas de la Reina Isabel II","description":"El fallecimiento de la reina Isabel II ha hecho aumentar el inter\u00e9s por el merchandising relacionado con ella y en especial las tazas.","robots":{"index":"index","follow":"follow","max-snippet":"max-snippet:-1","max-image-preview":"max-image-preview:large","max-video-preview":"max-video-preview:-1"},"canonical":"https:\/\/tazaspublicidad.es\/blog\/tazas-reina-isabel\/","og_locale":"es_ES","og_type":"article","og_title":"Se dispara la demanda de tazas de la Reina Isabel II","og_description":"El fallecimiento de la reina Isabel II ha hecho aumentar el inter\u00e9s por el merchandising relacionado con ella y en especial las tazas.","og_url":"https:\/\/tazaspublicidad.es\/blog\/tazas-reina-isabel\/","og_site_name":"Blog Tazaspublicidad.es","article_published_time":"2022-10-06T10:04:38+00:00","article_modified_time":"2023-02-09T12:17:32+00:00","og_image":[{"width":380,"height":240,"url":"https:\/\/tazaspublicidad.es\/blog\/wp-content\/uploads\/2022\/10\/aumenta-demanda-tazas-isabel.jpg","type":"image\/jpeg"}],"author":"Ivan","twitter_card":"summary_large_image","twitter_misc":{"Escrito por":"Ivan","Tiempo de lectura":"4 minutos"},"schema":{"@context":"https:\/\/schema.org","@graph":[{"@type":"Article","@id":"https:\/\/tazaspublicidad.es\/blog\/tazas-reina-isabel\/#article","isPartOf":{"@id":"https:\/\/tazaspublicidad.es\/blog\/tazas-reina-isabel\/"},"author":{"name":"Ivan","@id":"https:\/\/tazaspublicidad.es\/blog\/#\/schema\/person\/26090c71b50c3f835f4409bbab9b1726"},"headline":"Se dispara la demanda de tazas de Isabel II y otro merchandising de la Familia Real","datePublished":"2022-10-06T10:04:38+00:00","dateModified":"2023-02-09T12:17:32+00:00","mainEntityOfPage":{"@id":"https:\/\/tazaspublicidad.es\/blog\/tazas-reina-isabel\/"},"wordCount":634,"commentCount":0,"publisher":{"@id":"https:\/\/tazaspublicidad.es\/blog\/#organization"},"image":{"@id":"https:\/\/tazaspublicidad.es\/blog\/tazas-reina-isabel\/#primaryimage"},"thumbnailUrl":"https:\/\/tazaspublicidad.es\/blog\/wp-content\/uploads\/2022\/10\/aumenta-demanda-tazas-isabel.jpg","keywords":["tazas personalizadas"],"articleSection":["Curiosidades"],"inLanguage":"es","potentialAction":[{"@type":"CommentAction","name":"Comment","target":["https:\/\/tazaspublicidad.es\/blog\/tazas-reina-isabel\/#respond"]}]},{"@type":"WebPage","@id":"https:\/\/tazaspublicidad.es\/blog\/tazas-reina-isabel\/","url":"https:\/\/tazaspublicidad.es\/blog\/tazas-reina-isabel\/","name":"Se dispara la demanda de tazas de la Reina Isabel II","isPartOf":{"@id":"https:\/\/tazaspublicidad.es\/blog\/#website"},"primaryImageOfPage":{"@id":"https:\/\/tazaspublicidad.es\/blog\/tazas-reina-isabel\/#primaryimage"},"image":{"@id":"https:\/\/tazaspublicidad.es\/blog\/tazas-reina-isabel\/#primaryimage"},"thumbnailUrl":"https:\/\/tazaspublicidad.es\/blog\/wp-content\/uploads\/2022\/10\/aumenta-demanda-tazas-isabel.jpg","datePublished":"2022-10-06T10:04:38+00:00","dateModified":"2023-02-09T12:17:32+00:00","description":"El fallecimiento de la reina Isabel II ha hecho aumentar el inter\u00e9s por el merchandising relacionado con ella y en especial las tazas.","breadcrumb":{"@id":"https:\/\/tazaspublicidad.es\/blog\/tazas-reina-isabel\/#breadcrumb"},"inLanguage":"es","potentialAction":[{"@type":"ReadAction","target":["https:\/\/tazaspublicidad.es\/blog\/tazas-reina-isabel\/"]}]},{"@type":"ImageObject","inLanguage":"es","@id":"https:\/\/tazaspublicidad.es\/blog\/tazas-reina-isabel\/#primaryimage","url":"https:\/\/tazaspublicidad.es\/blog\/wp-content\/uploads\/2022\/10\/aumenta-demanda-tazas-isabel.jpg","contentUrl":"https:\/\/tazaspublicidad.es\/blog\/wp-content\/uploads\/2022\/10\/aumenta-demanda-tazas-isabel.jpg","width":380,"height":240,"caption":"aumenta demanda tazas isabel"},{"@type":"BreadcrumbList","@id":"https:\/\/tazaspublicidad.es\/blog\/tazas-reina-isabel\/#breadcrumb","itemListElement":[{"@type":"ListItem","position":1,"name":"Portada","item":"https:\/\/tazaspublicidad.es\/blog\/"},{"@type":"ListItem","position":2,"name":"Se dispara la demanda de tazas de Isabel II y otro merchandising de la Familia Real"}]},{"@type":"WebSite","@id":"https:\/\/tazaspublicidad.es\/blog\/#website","url":"https:\/\/tazaspublicidad.es\/blog\/","name":"Blog Tazaspublicidad.es","description":"Tazas Personalizadas para Empresas","publisher":{"@id":"https:\/\/tazaspublicidad.es\/blog\/#organization"},"potentialAction":[{"@type":"SearchAction","target":{"@type":"EntryPoint","urlTemplate":"https:\/\/tazaspublicidad.es\/blog\/?s={search_term_string}"},"query-input":{"@type":"PropertyValueSpecification","valueRequired":true,"valueName":"search_term_string"}}],"inLanguage":"es"},{"@type":"Organization","@id":"https:\/\/tazaspublicidad.es\/blog\/#organization","name":"Tazas Publicidad","url":"https:\/\/tazaspublicidad.es\/blog\/","logo":{"@type":"ImageObject","inLanguage":"es","@id":"https:\/\/tazaspublicidad.es\/blog\/#\/schema\/logo\/image\/","url":"https:\/\/tazaspublicidad.es\/blog\/wp-content\/uploads\/2023\/01\/Logo-gift-campaign-2.jpg","contentUrl":"https:\/\/tazaspublicidad.es\/blog\/wp-content\/uploads\/2023\/01\/Logo-gift-campaign-2.jpg","width":1200,"height":204,"caption":"Tazas Publicidad"},"image":{"@id":"https:\/\/tazaspublicidad.es\/blog\/#\/schema\/logo\/image\/"}},{"@type":"Person","@id":"https:\/\/tazaspublicidad.es\/blog\/#\/schema\/person\/26090c71b50c3f835f4409bbab9b1726","name":"Ivan","image":{"@type":"ImageObject","inLanguage":"es","@id":"https:\/\/secure.gravatar.com\/avatar\/a2329fee46616883e185fae510e91e5eb8949f6d38d2f8befbb1cb12d6a8c373?s=96&d=mm&r=g","url":"https:\/\/secure.gravatar.com\/avatar\/a2329fee46616883e185fae510e91e5eb8949f6d38d2f8befbb1cb12d6a8c373?s=96&d=mm&r=g","contentUrl":"https:\/\/secure.gravatar.com\/avatar\/a2329fee46616883e185fae510e91e5eb8949f6d38d2f8befbb1cb12d6a8c373?s=96&d=mm&r=g","caption":"Ivan"}}]}},"_links":{"self":[{"href":"https:\/\/tazaspublicidad.es\/blog\/wp-json\/wp\/v2\/posts\/4187","targetHints":{"allow":["GET"]}}],"collection":[{"href":"https:\/\/tazaspublicidad.es\/blog\/wp-json\/wp\/v2\/posts"}],"about":[{"href":"https:\/\/tazaspublicidad.es\/blog\/wp-json\/wp\/v2\/types\/post"}],"author":[{"embeddable":true,"href":"https:\/\/tazaspublicidad.es\/blog\/wp-json\/wp\/v2\/users\/2"}],"replies":[{"embeddable":true,"href":"https:\/\/tazaspublicidad.es\/blog\/wp-json\/wp\/v2\/comments?post=4187"}],"version-history":[{"count":8,"href":"https:\/\/tazaspublicidad.es\/blog\/wp-json\/wp\/v2\/posts\/4187\/revisions"}],"predecessor-version":[{"id":4628,"href":"https:\/\/tazaspublicidad.es\/blog\/wp-json\/wp\/v2\/posts\/4187\/revisions\/4628"}],"wp:featuredmedia":[{"embeddable":true,"href":"https:\/\/tazaspublicidad.es\/blog\/wp-json\/wp\/v2\/media\/4199"}],"wp:attachment":[{"href":"https:\/\/tazaspublicidad.es\/blog\/wp-json\/wp\/v2\/media?parent=4187"}],"wp:term":[{"taxonomy":"category","embeddable":true,"href":"https:\/\/tazaspublicidad.es\/blog\/wp-json\/wp\/v2\/categories?post=4187"},{"taxonomy":"post_tag","embeddable":true,"href":"https:\/\/tazaspublicidad.es\/blog\/wp-json\/wp\/v2\/tags?post=4187"}],"curies":[{"name":"wp","href":"https:\/\/api.w.org\/{rel}","templated":true}]}}